{"id":98076,"date":"2016-09-26T00:07:33","date_gmt":"2016-09-25T22:07:33","guid":{"rendered":"http:\/\/www.leccecronaca.it\/?p=98076"},"modified":"2016-09-24T15:50:41","modified_gmt":"2016-09-24T13:50:41","slug":"il-diario-del-giorno-prima-il-tam-tam-di-annibale","status":"publish","type":"post","link":"https:\/\/www.leccecronaca.it\/index.php\/2016\/09\/26\/il-diario-del-giorno-prima-il-tam-tam-di-annibale\/","title":{"rendered":"IL DIARIO DEL GIORNO PRIMA \/ IL TAM TAM DI ANNIBALE"},"content":{"rendered":"<p><img decoding=\"async\" loading=\"lazy\" src=\"https:\/\/www.leccecronaca.it\/wordpress\/wp-content\/uploads\/2016\/09\/475x255_1474569884940.combo_Renzi_Raggi-300x161.jpg\" alt=\"\" title=\"475x255_1474569884940.combo_Renzi_Raggi\" class=\"alignleft size-medium wp-image-98087\" width=\"300\" height=\"161\" srcset=\"https:\/\/www.leccecronaca.it\/wordpress\/wp-content\/uploads\/2016\/09\/475x255_1474569884940.combo_Renzi_Raggi-300x161.jpg 300w, https:\/\/www.leccecronaca.it\/wordpress\/wp-content\/uploads\/2016\/09\/475x255_1474569884940.combo_Renzi_Raggi.jpg 475w\" sizes=\"(max-width: 300px) 100vw, 300px\" \/>ITALIA______<strong><\/strong><\/p>\n<p><strong>ROMA &#8211;<\/strong> Dopo il &#8220;no&#8221; della sindaca Virginia Raggi, Matteo Renzi mette una pietra sopra la candidatura di Roma ai Giochi del 2024. Il discorso Olimpiadi \u00e8 chiuso? &#8220;<em>Credo proprio di s\u00ec. Dipender\u00e0 formalmente dal Consiglio comunale, ma se il sindaco ha deciso di dire no penser\u00e0 di avere la sua maggioranza con lei. Se il Consiglio comunale voter\u00e0 la mozione nessuno intende fare le Olimpiadi contro l&#8217;amministrazione comunale&#8221;<\/em>, dice il presidente del Consiglio a &#8220;Otto e mezzo&#8221; su La7. Renzi: Raggi si era impegnata a fare il referendum. Ma la titolarit\u00e0 \u00e8 sua<em> &#8220;In campagna elettorale se non sbaglio Virginia Raggi si era impegnata a fare un referendum ma la titolarita della decisione \u00e8 sua, del sindaco e del consiglio comunale. Rispetto e in bocca al lupo&#8221;<\/em>, spiega Renzi. Il Movimento 5 stelle sostiene <em>&#8220;che non \u00e8 in grado di cambiare le cose&#8230;<\/em> <em>quello che \u00e8 impressionante \u00e8 l&#8217;idea che non si facciano le cose perch\u00e9 c&#8217;\u00e8 il rischio che si rubi. I grillini avevano otto anni per dimostrare che si possono fare le grandi opere evitando i furti. E&#8217; come se i grillini avessero detto: non siamo in grado di cambiare le cose. Comunque, rispetto, in bocca al lupo e andare avanti<\/em>&#8230; <em>Ieri Los Angeles e Parigi hanno festeggiato<\/em>&#8230;<em> io faccio il tifo per l&#8217;Italia, a differenza di Travaglio penso fosse una grandissima opportunit\u00e0 per la citt\u00e0 di Roma. Ho visto Barcellona e Londra trasformate, una buona amministrazione non fa l&#8217;elenco dei costi delle altre amministrazioni, prende e cambia le cose. Ieri hanno festeggiato Los Angeles e Parigi e hanno pianto gli sportivi e quelli che potevano avere un ritorno nelle loro citt\u00e0. Detto questo rispetto per il Sindaco, se dice no andiamo avanti e parliamo di altro&#8221;.<\/em><\/p>\n<p>&nbsp;<\/p>\n<p>ITALIA______<\/p>\n<div><strong>PERUGIA &#8211; <\/strong>Si stava istruendo sul web da &#8220;lupo solitario&#8221; vicina all&#8217;ideologia dell&#8217;Isis quando \u00e8 stata bloccata dalla polizia di Perugia, la collaboratrice domestica marocchina di 44 anni rimpatriata ieri in esecuzione di un decreto del ministro dell&#8217;Interno Angelino Alfano. E&#8217; il quadro delineato nell&#8217;indagine condotta dalla Digos del capoluogo umbro. E secondo gli investigatori non si pu\u00f2 escludere che la donna avrebbe potuto un domani agire. La donna, di origine marocchina ma da anni residente regolarmente a Perugia, \u00e8 stata individuata grazie alla &#8220;presenza&#8221; della polizia sul territorio. Dagli accertamenti \u00e8 emerso che la sua radicalizzazione era cominciata comunque da poco. Apparentemente irreprensibile, la colf &#8211; sempre secondo l&#8217;indagine &#8211; in realt\u00e0 su internet si stava indottrinando da autodidatta, leggendo e guardando video su come costruire ordigni rudimentali, filmati con violenze nei confronti di &#8220;miscredenti&#8221;, alcuni dei quali definiti molto violenti perch\u00e9 coinvolgono bambini. La collaboratrice domestica frequentava almeno tre famiglie perugine dove svolgeva il suo lavoro di colf, tutte risultate ignare della sua ideologia. All&#8217;oscuro della radicalizzazione anche le due donne straniere che con lei condividevano un appartamentino a Perugia.<\/div>\n<p>&nbsp;<\/p>\n<p>MONDO______<\/p>\n<p><strong>ALEPPO (SIRIA) &#8211;<\/strong> L&#8217;offensiva dell&#8217;esercito siriano avanza sull&#8217;ex-campo profughi di Handarat, nella parte nord di Aleppo, conquista strategica perch\u00e9 tende a chiudere le ultime linee di rifornimento ai quartieri orientali tenuti dai ribelli. Ci sono gi\u00e0 venticinque vittime dei bombardamenti di oggi, che si aggiungono alle decine di ieri. Quasi due milioni di persone sono senza acqua corrente. Secondo l&#8217;Osservatorio siriano per i diritti il numero dei morti \u00e8 senz&#8217;altro destinato a salire, visto che molti sono ancora intrappolati sotto le macerie e i soccorritori non riescono a far fronte alle emergenze. Dopo che gioved\u00ec sera Damasco ha annunciato una prossima offensiva di terra sulla citt\u00e0 per met\u00e0 sotto il controllo dei ribelli i bombardamenti sono cresciuti d&#8217;intensit\u00e0. Sette persone sono rimaste uccise nel quartiere di Bustan al-Qasr mentre erano in coda per comprare yogurt al mercato. Bustan al-Qasr \u00e8 sulla linea del fronte che divide l&#8217;ovest di Aleppo in mano ai governativi e l&#8217;est in mano ai ribelli. Tra gioved\u00ec e venerd\u00ec, secondo al rete tv satellitare Al Jazeera novanta persone sono morte sotto le bombe in citt\u00e0, tra cui molti bambini: sette delle quarantasette vittime di ieri erano bambini, secondo l&#8217;Osservatorio.<\/p>\n<p>&nbsp;<\/p>\n<fb:like href='https:\/\/www.leccecronaca.it\/index.php\/2016\/09\/26\/il-diario-del-giorno-prima-il-tam-tam-di-annibale\/' send='true' layout='button_count' show_faces='true' width='450' height='65' action='recommend' colorscheme='light' font='lucida grande'><\/fb:like><span class=\"fb_share\"><fb:like href=\"https:\/\/www.leccecronaca.it\/index.php\/2016\/09\/26\/il-diario-del-giorno-prima-il-tam-tam-di-annibale\/\" layout=\"button_count\"><\/fb:like><\/span>","protected":false},"excerpt":{"rendered":"<p>ITALIA______ ROMA &#8211; Dopo il &#8220;no&#8221; della sindaca Virginia Raggi, Matteo Renzi mette una pietra sopra la candidatura di Roma ai Giochi del 2024. Il discorso Olimpiadi \u00e8 chiuso? &#8220;Credo proprio di s\u00ec. Dipender\u00e0 formalmente dal Consiglio comunale, ma se il sindaco ha deciso di dire no penser\u00e0 di avere la sua maggioranza con lei. [&hellip;]<\/p>\n","protected":false},"author":4,"featured_media":98087,"comment_status":"open","ping_status":"closed","sticky":false,"template":"","format":"standard","meta":[],"categories":[1,69,76],"tags":[],"_links":{"self":[{"href":"https:\/\/www.leccecronaca.it\/index.php\/wp-json\/wp\/v2\/posts\/98076"}],"collection":[{"href":"https:\/\/www.leccecronaca.it\/index.php\/wp-json\/wp\/v2\/posts"}],"about":[{"href":"https:\/\/www.leccecronaca.it\/index.php\/wp-json\/wp\/v2\/types\/post"}],"author":[{"embeddable":true,"href":"https:\/\/www.leccecronaca.it\/index.php\/wp-json\/wp\/v2\/users\/4"}],"replies":[{"embeddable":true,"href":"https:\/\/www.leccecronaca.it\/index.php\/wp-json\/wp\/v2\/comments?post=98076"}],"version-history":[{"count":1,"href":"https:\/\/www.leccecronaca.it\/index.php\/wp-json\/wp\/v2\/posts\/98076\/revisions"}],"predecessor-version":[{"id":98089,"href":"https:\/\/www.leccecronaca.it\/index.php\/wp-json\/wp\/v2\/posts\/98076\/revisions\/98089"}],"wp:featuredmedia":[{"embeddable":true,"href":"https:\/\/www.leccecronaca.it\/index.php\/wp-json\/wp\/v2\/media\/98087"}],"wp:attachment":[{"href":"https:\/\/www.leccecronaca.it\/index.php\/wp-json\/wp\/v2\/media?parent=98076"}],"wp:term":[{"taxonomy":"category","embeddable":true,"href":"https:\/\/www.leccecronaca.it\/index.php\/wp-json\/wp\/v2\/categories?post=98076"},{"taxonomy":"post_tag","embeddable":true,"href":"https:\/\/www.leccecronaca.it\/index.php\/wp-json\/wp\/v2\/tags?post=98076"}],"curies":[{"name":"wp","href":"https:\/\/api.w.org\/{rel}","templated":true}]}}