{"id":98240,"date":"2016-09-26T13:16:34","date_gmt":"2016-09-26T11:16:34","guid":{"rendered":"http:\/\/www.leccecronaca.it\/?p=98240"},"modified":"2016-09-26T16:02:23","modified_gmt":"2016-09-26T14:02:23","slug":"inadempienze-abusi-illeciti-a-punta-prosciutto","status":"publish","type":"post","link":"https:\/\/www.leccecronaca.it\/index.php\/2016\/09\/26\/inadempienze-abusi-illeciti-a-punta-prosciutto\/","title":{"rendered":"INADEMPIENZE, ABUSI, ILLECITI A PUNTA PROSCIUTTO"},"content":{"rendered":"<p>Riceviamo e volentieri pubblichiamo. A nome di cittadini e ambientalisti della zona, Antonio Missere ci scrive______<\/p>\n<p><img decoding=\"async\" loading=\"lazy\" width=\"960\" height=\"475\" title=\"14459023_1099951646762274_25853131_n\" class=\"alignleft size-full wp-image-98241\" alt=\"\" src=\"https:\/\/www.leccecronaca.it\/wordpress\/wp-content\/uploads\/2016\/09\/14459023_1099951646762274_25853131_n.jpg\" srcset=\"https:\/\/www.leccecronaca.it\/wordpress\/wp-content\/uploads\/2016\/09\/14459023_1099951646762274_25853131_n.jpg 960w, https:\/\/www.leccecronaca.it\/wordpress\/wp-content\/uploads\/2016\/09\/14459023_1099951646762274_25853131_n-300x148.jpg 300w, https:\/\/www.leccecronaca.it\/wordpress\/wp-content\/uploads\/2016\/09\/14459023_1099951646762274_25853131_n-768x380.jpg 768w\" sizes=\"(max-width: 960px) 100vw, 960px\" \/>Proseguono le indagini condotte dal Nucleo Operativo della Compagnia\u00a0Carabinieri di Campi Salentina, coordinati dalla Procura della Repubblica di Lecce,\u00a0sullo stabilimento balneare a Punta Prosciutto, nei pressi della localit\u00e0 \u201cPalude del Conte\u201d.<\/p>\n<p>Il 30 agosto scorso parte del lido \u00e8 finita sotto sequestro: dalle indagini eseguite negli ultimi mesi, sarebbero state riscontrate opere realizzate in difformit\u00e0 o in assenza delle regolari autorizzazioni previste dalla legge e la modificazione della morfologia di una duna.<\/p>\n<p>Ma c\u2019\u00e8 di pi\u00f9 : per favorire la creazione di un parcheggio, nella stessa zona \u00e8 stata estirpata parte della macchia mediterranea esistente con conseguente deturpamento di un habitat naturale sottoposto a vincoli di natura paesaggistica.<\/p>\n<p>Lo stabilimento ha aperto i battenti poco pi\u00f9 di un mese fa e sin da subito si sono susseguite segnalazioni in merito a presunte irregolarit\u00e0 nel corso della sua realizzazione : in particolare, il mancato immediato abbattimento, necessario per la realizzazione del lido, di un\u2019abitazione situata poco distante.<\/p>\n<p>Ed \u00e8 di pochi giorni fa la notizia della scoperta, e conseguente sequestro, di una discarica abusiva in cui sono state riversate le macerie della suddetta abitazione : immediata la denuncia di quattro persone che fanno parte della ditta incaricata alla demolizione, mentre \u00e8 stata accertata l\u2019estraneit\u00e0 ai fatti da parte dei titolari della struttura balneare.<\/p>\n<p>Maurizio Buccarella, portavoce al Senato del Movimento Cinque Stelle: &#8220;<em>Ho seguito e seguo la meritoria opera di vigilanza e controllo di associazioni, cittadini e rappresentanti istituzionali in merito alla aggressione che il patrimonio ambientale, paesaggistico e sociale cesarino sta subendo in relazione a iniziative di dubbia legittimit\u00e0 che stanno creando danno al litorale ed al bene pubblico. S<\/em><\/p>\n<p><em>ostengo l&#8217;auspicio che il Pcc di Porto Cesareo sia oggetto di dibattito pubblico e verifica di legittimit\u00e0, in piena trasparenza. Io sono disponibile ad ogni tipo di sostegno<\/em>&#8220;.<\/p>\n<p>Il Gruppo consiliare comunale di opposizione Cambiare Rotta, rappresentato da Francesco Schito e Stefano My, lo scorso 4 settembre ha inviato alla Regione Puglia una richiesta urgente per valutare il commissariamento della Riserva naturale regionale Palude del Conte e Duna Costiera; un&#8217;opzione prevista dalla stessa leggere regionale &#8211; nr. 5\/2006 &#8211; istitutiva della Riserva in caso di gravi inadempienze gestionali o fatti gravi contrari alle normative vigenti o per persistente inattivit\u00e0.<\/p>\n<p>Secondo il Gruppo consiliare nell&#8217;arco di questi 10 anni dall&#8217;affidamento della Riserva all&#8217;Ente gestore cio\u00e8 il Comune di Porto Cesareo, lo stato generale della Riserva \u00e8 peggiorato.<\/p>\n<p>Dopo dieci anni i\u00a0tre strumenti di attuazione fondamentali previsti dalla legge regionale ancora non sono stati approvati: il Piano territoriale, il Piano pluriannuale economico e sociale, il Regolamento, tutti a cura dell&#8217;Ente gestore: questo \u00e8 segno di mancata priorit\u00e0 e attenzione alla Riserva.<\/p>\n<p>La Riserva \u00e8 stata ed \u00e8 ancora oggetto di abusi e illeciti che dimostrano uno scarso controllo dell&#8217;Ente gestore.<\/p>\n<p>Nella Riserva insistono concessioni demaniali che hanno un impatto discutibile sulle finalit\u00e0 e norme di tutela della Riserva previste dalla legge regionale nonostante ci siano i pareri\/nulla osta favorevoli proprio dell&#8217;Ente gestore.<\/p>\n<p>Infine, dal nuovo Piano Comunale delle Coste adottato dalla Giunta comunale il 29.7.2016, sono previste nuove lottizzazioni discutibili sul Demanio dell&#8217;area della Riserva e la linea del Demanio sancisce che quasi tutti i cordoni dunali della Riserva ricadono in propriet\u00e0 privata: il Comune di Porto Cesareo, quindi, \u00e8 stato passivo decenni per la procedura di ricostituzione del Demanio!<\/p>\n<p>Ultimamente la Riserva \u00e8 stata oggetto di numerosi incendi dolosi, di grande vastit\u00e0 e danni come quello del 3 settembre 2016 scorso, che dimostrano l&#8217;incapacit\u00e0 dell&#8217;Ente gestore di prevenire, individuare responsabili e di fronteggiare tal emergenza.<\/p>\n<p>Un&#8217;altra lacuna \u00e8 il mancato esercizio del potere sanzionatorio dell&#8217;Ente gestore. Il mancato funzionamento della Consulta comunale della Riserva e gli omessi pareri nelle questioni che hanno riguardato la Riserva completano il quadro negativo dell&#8217;Ente gestore. La decisione del commissariamento ora spetta al Presidente Emiliano.<\/p>\n<p>Sulla questione, anche ARCA (Associazione Rete dei Cittadini per l\u2019Ambiente ) ha ritenuto doveroso un suo intervento.<\/p>\n<p>Infatti, dopo aver ricevuto alcune segnalazioni su quanto stava accadendo in localit\u00e0 Punta Prosciutto e, proprio durante il mese di agosto (periodo di maggior affluenza dei bagnanti), Arca, dopo una riunione tra gli associati, nella persona del suo Presidente Ernesto Ciccarese ha presentato un esposto alla Procura della Repubblica di Lecce portando a conoscenza degli organi competenti ed inquirenti alcune criticit\u00e0 rilevate.<\/p>\n<p>Si \u00e8 poi appreso del sequestro disposto.<\/p>\n<p>Arca \u00e8 molto attenta alle questioni ambientali e, non da ultimo, anche al consumo del territorio ed \u00e8 stato perci\u00f2 fisiologico\u00a0interessarsi della vicenda______<\/p>\n<p>L&#8217; APPROFONDIMENTO nei nostri articoli<\/p>\n<p>del 29 luglio scorso<\/p>\n<p><a href=\"https:\/\/www.leccecronaca.it\/index.php\/2016\/07\/29\/save-punta-prosciutto-now-una-catena-umana-contro-lingordigia-del-guadagno-privato\/\">https:\/\/www.leccecronaca.it\/index.php\/2016\/07\/29\/save-punta-prosciutto-now-una-catena-umana-contro-lingordigia-del-guadagno-privato\/<\/a><\/p>\n<p>del 4 settembre scorso<\/p>\n<p><a href=\"https:\/\/www.leccecronaca.it\/index.php\/2016\/09\/04\/possibile-che-non-si-riesca-mai-a-prenderne-uno-di-questi-criminali-che-appiccano-il-fuoco-per-distruggere-il-nostro-patrimonio-naturale-cosi-solo-per-la-curiosita-di-chiederli-perche-lo-fai\/\">https:\/\/www.leccecronaca.it\/index.php\/2016\/09\/04\/possibile-che-non-si-riesca-mai-a-prenderne-uno-di-questi-criminali-che-appiccano-il-fuoco-per-distruggere-il-nostro-patrimonio-naturale-cosi-solo-per-la-curiosita-di-chiederli-perche-lo-fai\/<\/a><\/p>\n<p>e del 16 settembre scorso<\/p>\n<p><a href=\"https:\/\/www.leccecronaca.it\/index.php\/2016\/09\/16\/discarica-abusiva-nella-macchia-mediterranea-di-punta-prosciutto-quattro-denunce\/\">https:\/\/www.leccecronaca.it\/index.php\/2016\/09\/16\/discarica-abusiva-nella-macchia-mediterranea-di-punta-prosciutto-quattro-denunce\/<\/a><\/p>\n<p>&nbsp;<\/p>\n<p>&nbsp;<\/p>\n<fb:like href='https:\/\/www.leccecronaca.it\/index.php\/2016\/09\/26\/inadempienze-abusi-illeciti-a-punta-prosciutto\/' send='true' layout='button_count' show_faces='true' width='450' height='65' action='recommend' colorscheme='light' font='lucida grande'><\/fb:like><span class=\"fb_share\"><fb:like href=\"https:\/\/www.leccecronaca.it\/index.php\/2016\/09\/26\/inadempienze-abusi-illeciti-a-punta-prosciutto\/\" layout=\"button_count\"><\/fb:like><\/span>","protected":false},"excerpt":{"rendered":"<p>Riceviamo e volentieri pubblichiamo. A nome di cittadini e ambientalisti della zona, Antonio Missere ci scrive______ Proseguono le indagini condotte dal Nucleo Operativo della Compagnia\u00a0Carabinieri di Campi Salentina, coordinati dalla Procura della Repubblica di Lecce,\u00a0sullo stabilimento balneare a Punta Prosciutto, nei pressi della localit\u00e0 \u201cPalude del Conte\u201d. Il 30 agosto scorso parte del lido \u00e8 [&hellip;]<\/p>\n","protected":false},"author":4,"featured_media":98241,"comment_status":"open","ping_status":"closed","sticky":false,"template":"","format":"standard","meta":[],"categories":[36],"tags":[],"_links":{"self":[{"href":"https:\/\/www.leccecronaca.it\/index.php\/wp-json\/wp\/v2\/posts\/98240"}],"collection":[{"href":"https:\/\/www.leccecronaca.it\/index.php\/wp-json\/wp\/v2\/posts"}],"about":[{"href":"https:\/\/www.leccecronaca.it\/index.php\/wp-json\/wp\/v2\/types\/post"}],"author":[{"embeddable":true,"href":"https:\/\/www.leccecronaca.it\/index.php\/wp-json\/wp\/v2\/users\/4"}],"replies":[{"embeddable":true,"href":"https:\/\/www.leccecronaca.it\/index.php\/wp-json\/wp\/v2\/comments?post=98240"}],"version-history":[{"count":6,"href":"https:\/\/www.leccecronaca.it\/index.php\/wp-json\/wp\/v2\/posts\/98240\/revisions"}],"predecessor-version":[{"id":98243,"href":"https:\/\/www.leccecronaca.it\/index.php\/wp-json\/wp\/v2\/posts\/98240\/revisions\/98243"}],"wp:featuredmedia":[{"embeddable":true,"href":"https:\/\/www.leccecronaca.it\/index.php\/wp-json\/wp\/v2\/media\/98241"}],"wp:attachment":[{"href":"https:\/\/www.leccecronaca.it\/index.php\/wp-json\/wp\/v2\/media?parent=98240"}],"wp:term":[{"taxonomy":"category","embeddable":true,"href":"https:\/\/www.leccecronaca.it\/index.php\/wp-json\/wp\/v2\/categories?post=98240"},{"taxonomy":"post_tag","embeddable":true,"href":"https:\/\/www.leccecronaca.it\/index.php\/wp-json\/wp\/v2\/tags?post=98240"}],"curies":[{"name":"wp","href":"https:\/\/api.w.org\/{rel}","templated":true}]}}