{"id":98681,"date":"2016-10-01T14:47:14","date_gmt":"2016-10-01T12:47:14","guid":{"rendered":"http:\/\/www.leccecronaca.it\/?p=98681"},"modified":"2016-10-04T09:47:29","modified_gmt":"2016-10-04T07:47:29","slug":"la-riflessione-xylella-le-presunte-origini-nascondono-gia-progetti-di-interessi-e-speculazioni","status":"publish","type":"post","link":"https:\/\/www.leccecronaca.it\/index.php\/2016\/10\/01\/la-riflessione-xylella-le-presunte-origini-nascondono-gia-progetti-di-interessi-e-speculazioni\/","title":{"rendered":"LA RIFLESSIONE \/ XYLELLA, LE PRESUNTE ORIGINI NASCONDONO GIA&#8217; PRECISI PROGETTI DI INTERESSI PARTICOLARI ED ENORMI SPECULAZIONI"},"content":{"rendered":"<p><img decoding=\"async\" loading=\"lazy\" width=\"1024\" height=\"685\" title=\"P\" class=\"alignleft size-full wp-image-98683\" alt=\"\" src=\"https:\/\/www.leccecronaca.it\/wordpress\/wp-content\/uploads\/2016\/10\/P.jpg\" srcset=\"https:\/\/www.leccecronaca.it\/wordpress\/wp-content\/uploads\/2016\/10\/P.jpg 1024w, https:\/\/www.leccecronaca.it\/wordpress\/wp-content\/uploads\/2016\/10\/P-300x201.jpg 300w, https:\/\/www.leccecronaca.it\/wordpress\/wp-content\/uploads\/2016\/10\/P-768x514.jpg 768w\" sizes=\"(max-width: 1024px) 100vw, 1024px\" \/>di <strong>Crocifisso Aloisi<\/strong> * (attivista meridionalista\u00a0&#8211; per leccecronaca.it)______<\/p>\n<p>Analizziamo attentamente una delle frasi pi\u00f9 esilaranti raccontata (diverse volte) dai protagonisti della storiella xylella :<\/p>\n<p>&#8220;Il batterio \u00e8 probabilmente stato introdotto in Salento attraverso piante ornamentali, oleandri o caff\u00e8, provenienti dal Costarica&#8221;.<\/p>\n<p>Bella vero ? Purtroppo per gli autori, non ci sono le prove per dimostrare questo teorema.<\/p>\n<p>Il Costarica esporta piante ornamentali in tutto il mondo e guarda caso il problema si \u00e8 everificato improvvisamente solo da noi, in Salento, nel 2013. Cio\u00e8 dove da pi\u00f9 di un decennio circolavano, all&#8217;insaputa di tutti, pericolosi discorsi di olivicoltura da &#8216;rivoluzionare&#8217;, con uliveti intensivi che avrebbero dovuto sostituire le nostre storiche &#8216;Ogliarola&#8217; e &#8216;Cellina di Nard\u00f2&#8217;, che erano testimoni superstiti di un modello agricolo da superare. Solo che l&#8217;espianto delle cultivar autoctone per fare posto ai nuovi ulivi era vietato per legge ordinaria. Poi \u00e8 arrivata, &#8220;probabilmente..&#8221; dal Costarica, la provvidenziale xylella, e tutto \u00e8 diventato pi\u00f9 semplice, sono intervenute procedure ed atti normativi straordinari (ed incredibili !).<\/p>\n<p>Il fatto che un organismo nocivo appaia improvvisamente in un territorio \u00e8 condizione necessaria e sufficiente per far scattare la procedura da quarantena. Quindi la frase sopra riportata, apparentemente semplice e banale, contiene un messaggio molto potente e funzionale a diversi obiettivi.<\/p>\n<p>Quali sarebbero poi queste piante importate, &#8220;Oleandri e caff\u00e8&#8221;? Come? Da noi gli oleandri stanno dappertutto e avremmo dovuto importarli dal Costarica? E le piantine di caff\u00e8? Chi mai importerebbe qui piantine di caff\u00e8?\u00a0 (nella foto, una coltivazione in Costarica, ndr).<\/p>\n<p>\u00c8 vero che abbiamo alcune storiche torrefazioni locali che forniscono caff\u00e8 di ottima qualit\u00e0, ma piante e piantagioni di caff\u00e8 non si sono mai viste in Salento.<\/p>\n<p>L&#8217;analisi grammaticale della frase ci offre un altro spunto inquietante: quel &#8220;probabilmente&#8221; riesce a cambiare radicalmente anche il discorso della richiesta di risarcimento del danno tanto sbandierata dai politichetti locali che vogliono scaricare sull&#8217;Europa tutte le responsabilit\u00e0. Perch\u00e9 mai l&#8217;Europa dovrebbe essere chiamata a risarcire per non aver controllato a dovere le importazioni dai paesi a rischio (anche se dell&#8217;epidemia in Costarica non si \u00e8 mai saputo nulla e, paradossalmente, si parla pi\u00f9 della &#8216;colonia&#8217; esportata in Salento, piuttosto che dell&#8217;infezione del paese centroamericano che &#8216;avrebbe&#8217; provocato il disastro), quando poi non si \u00e8 certi neanche della provenienza del batterio?<\/p>\n<p>E dunque, questa narrazione sul filo del &#8220;probabile&#8221; appare elaborata ad hoc al fine di ipnotizzare l&#8217;opinione pubblica e le migliaia di piccoli proprietari\/produttori sulla veridicit\u00e0 delle narrazioni che si sono succedute dal 2013 ad oggi.<\/p>\n<p>Forse sarebbe giusto dire, per una specie di &#8216;par condicio del pensiero&#8217;, anche che &#8220;probabilmente&#8221; il batterio \u00e8 presente nel territorio da pi\u00f9 di venti anni, come sostengono anche alcuni scienziati, e che la pianta ha imparato a convivere con esso.<\/p>\n<p>Ma questo pensiero NON fa scattare la procedura di emergenza (con tutto l&#8217;indotto che ne deriva in termini di legislazione straordinaria, fondi pubblici da gestire e tutto il resto) prevista da una quarantena.<\/p>\n<p>Anche perch\u00e9 non \u00e8 stato ancora dimostrato che il batterio Xylella Fastidiosa ceppo CoDiRO sia la causa unica e determinante del disseccamento degli ulivi.<\/p>\n<p>Di fatti la denominazione del &#8220;ceppo&#8221; cos\u00ec come attribuito dagli stessi ricercatori la dice lunga sulle reali cause della malattia: (CoDiRO, ovvero Complesso del disseccamento rapido dell&#8217;olivo).<\/p>\n<p>Quindi i disseccamenti diffusi sono certamente dovuti a diversi fattori (lo dicono anche i dati statistici dei campionamenti) che le Autorit\u00e0 &#8216;scientifiche&#8217; \u00e8 fitosanitarie non sembrano voler approfondire e risolvere.<\/p>\n<p>&nbsp;<\/p>\n<fb:like href='https:\/\/www.leccecronaca.it\/index.php\/2016\/10\/01\/la-riflessione-xylella-le-presunte-origini-nascondono-gia-progetti-di-interessi-e-speculazioni\/' send='true' layout='button_count' show_faces='true' width='450' height='65' action='recommend' colorscheme='light' font='lucida grande'><\/fb:like><span class=\"fb_share\"><fb:like href=\"https:\/\/www.leccecronaca.it\/index.php\/2016\/10\/01\/la-riflessione-xylella-le-presunte-origini-nascondono-gia-progetti-di-interessi-e-speculazioni\/\" layout=\"button_count\"><\/fb:like><\/span>","protected":false},"excerpt":{"rendered":"<p>di Crocifisso Aloisi * (attivista meridionalista\u00a0&#8211; per leccecronaca.it)______ Analizziamo attentamente una delle frasi pi\u00f9 esilaranti raccontata (diverse volte) dai protagonisti della storiella xylella : &#8220;Il batterio \u00e8 probabilmente stato introdotto in Salento attraverso piante ornamentali, oleandri o caff\u00e8, provenienti dal Costarica&#8221;. Bella vero ? Purtroppo per gli autori, non ci sono le prove per dimostrare [&hellip;]<\/p>\n","protected":false},"author":4,"featured_media":98683,"comment_status":"open","ping_status":"closed","sticky":false,"template":"","format":"standard","meta":[],"categories":[69,76],"tags":[],"_links":{"self":[{"href":"https:\/\/www.leccecronaca.it\/index.php\/wp-json\/wp\/v2\/posts\/98681"}],"collection":[{"href":"https:\/\/www.leccecronaca.it\/index.php\/wp-json\/wp\/v2\/posts"}],"about":[{"href":"https:\/\/www.leccecronaca.it\/index.php\/wp-json\/wp\/v2\/types\/post"}],"author":[{"embeddable":true,"href":"https:\/\/www.leccecronaca.it\/index.php\/wp-json\/wp\/v2\/users\/4"}],"replies":[{"embeddable":true,"href":"https:\/\/www.leccecronaca.it\/index.php\/wp-json\/wp\/v2\/comments?post=98681"}],"version-history":[{"count":7,"href":"https:\/\/www.leccecronaca.it\/index.php\/wp-json\/wp\/v2\/posts\/98681\/revisions"}],"predecessor-version":[{"id":98961,"href":"https:\/\/www.leccecronaca.it\/index.php\/wp-json\/wp\/v2\/posts\/98681\/revisions\/98961"}],"wp:featuredmedia":[{"embeddable":true,"href":"https:\/\/www.leccecronaca.it\/index.php\/wp-json\/wp\/v2\/media\/98683"}],"wp:attachment":[{"href":"https:\/\/www.leccecronaca.it\/index.php\/wp-json\/wp\/v2\/media?parent=98681"}],"wp:term":[{"taxonomy":"category","embeddable":true,"href":"https:\/\/www.leccecronaca.it\/index.php\/wp-json\/wp\/v2\/categories?post=98681"},{"taxonomy":"post_tag","embeddable":true,"href":"https:\/\/www.leccecronaca.it\/index.php\/wp-json\/wp\/v2\/tags?post=98681"}],"curies":[{"name":"wp","href":"https:\/\/api.w.org\/{rel}","templated":true}]}}