{"id":98886,"date":"2016-10-03T07:59:04","date_gmt":"2016-10-03T05:59:04","guid":{"rendered":"http:\/\/www.leccecronaca.it\/?p=98886"},"modified":"2016-10-03T17:31:21","modified_gmt":"2016-10-03T15:31:21","slug":"lecce-reggina-i-commenti-nel-post-partita-zeman-jr-pensavo-peggio-siamo-stati-bravi-padalino-e-cosenza-vittoria-sofferta-e-di-gruppo-sono-questi-i-successi-piu-importanti","status":"publish","type":"post","link":"https:\/\/www.leccecronaca.it\/index.php\/2016\/10\/03\/lecce-reggina-i-commenti-nel-post-partita-zeman-jr-pensavo-peggio-siamo-stati-bravi-padalino-e-cosenza-vittoria-sofferta-e-di-gruppo-sono-questi-i-successi-piu-importanti\/","title":{"rendered":"LECCE-REGGINA \/ I COMMENTI NEL POST PARTITA \/ ZEMAN JR: &#8220;Pensavo peggio, siamo stati bravi&#8221;. PADALINO E COSENZA: &#8220;Vittoria sofferta e di gruppo, sono questi i successi pi\u00f9 importanti&#8221;"},"content":{"rendered":"<div id=\"attachment_98890\" style=\"width: 310px\" class=\"wp-caption alignleft\"><img aria-describedby=\"caption-attachment-98890\" decoding=\"async\" loading=\"lazy\" width=\"300\" height=\"274\" title=\"FullSizeRender (55)\" class=\"size-medium wp-image-98890\" src=\"https:\/\/www.leccecronaca.it\/wordpress\/wp-content\/uploads\/2016\/10\/FullSizeRender-55-300x274.jpg\" \/><p id=\"caption-attachment-98890\" class=\"wp-caption-text\">Karel Zeman<\/p><\/div>\n<p style=\"text-align: justify;\">di <strong>Laura Ricci<\/strong>___<\/p>\n<p style=\"text-align: justify;\">\u00c8 una vittoria dal sapore particolare quella che ieri il <strong>Lecce<\/strong> \u00e8 riuscito a portare a casa contro la <strong>Reggina<\/strong>: i ragazzi di <strong>Zeman Jr<\/strong>, che per il suo cognome rievoca tempi di gloria ed emozioni irripetibili, hanno dato filo da torcere ai giallorossi che, per\u00f2, sono stati bravi a rimanere concentrati riuscendo a sbloccare il risultato con la rete poi decisiva di <strong>Caturano<\/strong>.<\/p>\n<p style=\"text-align: justify;\">Agganciato il<strong> primo posto<\/strong> a pari punti (diciannove) con il Foggia.<\/p>\n<p style=\"text-align: justify;\">Questi <strong>i commenti del post partita<\/strong>, con i protagonisti dell&#8217;avvincente incontro che ha preso vita ieri sera al Via del Mare.<\/p>\n<p style=\"text-align: justify;\">Proprio <strong>Zeman<\/strong> ha dato una prima lettura del match, definendosi sorpreso: <em>&#8220;Mi aspettavo tanta differenza tra noi e il Lecce, ma non \u00e8 stato cosi. Pensavo che avremmo sofferto molto di pi\u00f9 vista la netta superiorit\u00e0 dei giallorossi e invece abbiamo tenuto bene.<\/em><\/p>\n<p style=\"text-align: justify;\"><em>A noi non piace molto tirare in porta, solitamente abbiamo il pallino del gioco e alla fine ci manca l&#8217; efficacia negli ultimi metri. Pur creando dei presupporsi per concludere in porta non siamo riusciti a farlo, ma lo ripeto, siamo contenti di aver messo una squadra come il Lecce nelle condizioni di dover perdere tempo negli ultimi minuti per cercare di non rischiare&#8221;.<\/em><\/p>\n<div class=\"mceTemp\" style=\"text-align: justify;\">\n<dl id=\"attachment_98891\" class=\"wp-caption alignright\" style=\"width: 310px;\">\n<dt class=\"wp-caption-dt\"><img decoding=\"async\" loading=\"lazy\" width=\"300\" height=\"216\" title=\"FullSizeRender (54)\" class=\"size-medium wp-image-98891\" src=\"https:\/\/www.leccecronaca.it\/wordpress\/wp-content\/uploads\/2016\/10\/FullSizeRender-54-300x216.jpg\" srcset=\"https:\/\/www.leccecronaca.it\/wordpress\/wp-content\/uploads\/2016\/10\/FullSizeRender-54-300x216.jpg 300w, https:\/\/www.leccecronaca.it\/wordpress\/wp-content\/uploads\/2016\/10\/FullSizeRender-54-1024x739.jpg 1024w, https:\/\/www.leccecronaca.it\/wordpress\/wp-content\/uploads\/2016\/10\/FullSizeRender-54-768x554.jpg 768w, https:\/\/www.leccecronaca.it\/wordpress\/wp-content\/uploads\/2016\/10\/FullSizeRender-54-1536x1108.jpg 1536w, https:\/\/www.leccecronaca.it\/wordpress\/wp-content\/uploads\/2016\/10\/FullSizeRender-54-2048x1478.jpg 2048w\" sizes=\"(max-width: 300px) 100vw, 300px\" \/><\/dt>\n<dd class=\"wp-caption-dd\">Pasquale Padalino<\/dd>\n<\/dl>\n<\/div>\n<p style=\"text-align: justify;\">Da mister a mister, le emozioni del tecnico giallorosso <strong>Padalino<\/strong>: <em>&#8220;Soffro quando non chiudiamo le partite perch\u00e9 c&#8217;\u00e8 sempre il timore di ricevere il goal all&#8217;improvviso. Dopo non essere stati abbastanza cinici sotto porta come potevamo viste le occasioni avute, la vittoria ha un valore assoluto.<\/em><\/p>\n<p style=\"text-align: justify;\"><em>I ragazzi hanno dimostrato di essere una squadra. Siamo a un buon punto, dobbiamo ancora sistemare tante cose ma abbiamo una mentalit\u00e0 giusta.<\/em><\/p>\n<p style=\"text-align: justify;\"><em>La Reggina era una squadra che sulla carta poteva sembrare abbordabile, ma sono queste le partite pi\u00f9 difficili; potevano farci male con le ripartenze in cui loro sono molto abili ma noi siamo stati bravi ad arginarli.<\/em><\/p>\n<p style=\"text-align: justify;\"><em>Devo ammettere di essere contento per come si sta muovendo il reparto difensivo che collabora con gli altri, non concediamo molto, Bleve non ha fatto neanche una parata e per questo sono soddisfatto miglioramenti di tutta la squadra, ma c&#8217;\u00e8 sempre qualcosa da migliorare come la gestione della palla, la tempistica di andare avanti piuttosto che indietro e cose cos\u00ec.<\/em><\/p>\n<p style=\"text-align: justify;\"><em>Certo, si va a cercare il pelo nell&#8217;uovo&#8221;.<\/em><\/p>\n<div id=\"attachment_98892\" style=\"width: 292px\" class=\"wp-caption alignleft\"><img aria-describedby=\"caption-attachment-98892\" decoding=\"async\" loading=\"lazy\" width=\"282\" height=\"300\" title=\"FullSizeRender (56)\" class=\"size-medium wp-image-98892\" src=\"https:\/\/www.leccecronaca.it\/wordpress\/wp-content\/uploads\/2016\/10\/FullSizeRender-56-282x300.jpg\" srcset=\"https:\/\/www.leccecronaca.it\/wordpress\/wp-content\/uploads\/2016\/10\/FullSizeRender-56-282x300.jpg 282w, https:\/\/www.leccecronaca.it\/wordpress\/wp-content\/uploads\/2016\/10\/FullSizeRender-56-963x1024.jpg 963w, https:\/\/www.leccecronaca.it\/wordpress\/wp-content\/uploads\/2016\/10\/FullSizeRender-56-768x816.jpg 768w, https:\/\/www.leccecronaca.it\/wordpress\/wp-content\/uploads\/2016\/10\/FullSizeRender-56-1445x1536.jpg 1445w, https:\/\/www.leccecronaca.it\/wordpress\/wp-content\/uploads\/2016\/10\/FullSizeRender-56-1926x2048.jpg 1926w\" sizes=\"(max-width: 282px) 100vw, 282px\" \/><p id=\"caption-attachment-98892\" class=\"wp-caption-text\">Francesco Cosenza<\/p><\/div>\n<p style=\"text-align: justify;\">Parola poi a <strong>Cosenza<\/strong>, colonna difensiva di questo Lecce: <em>&#8220;Queste sono le vittorie pi\u00f9 belle perch\u00e9 sono di gruppo, soffrire tutti insieme insegna a essere una vera squadra e regala grandi soddisfazioni. <\/em><\/p>\n<p style=\"text-align: justify;\"><em>Siamo stati bravi a resistere fino alla fine, la Reggina ha fatto una buona partita e noi abbiamo usato le nostre armi contro una squadra che si chiudeva e ripartiva. <\/em><\/p>\n<p style=\"text-align: justify;\"><em>Il calcio piazzato ha sbloccato la partita ma abbiamo avuto anche altre occasioni. <\/em><\/p>\n<p style=\"text-align: justify;\"><em>Non pu\u00f2 essere sempre semplice e vincere quattro a zero, oggi e andata cosi e l&#8217; importante era vincere tutti insieme.<\/em><\/p>\n<p style=\"text-align: justify;\"><em>Il pareggio del Foggia nel pomeriggio? Non ci abbiamo proprio pensato, stiamo tracciando il nostro cammino a prescindere dal risultato degli altri&#8221;.<\/em><\/p>\n<p style=\"text-align: justify;\">\n<fb:like href='https:\/\/www.leccecronaca.it\/index.php\/2016\/10\/03\/lecce-reggina-i-commenti-nel-post-partita-zeman-jr-pensavo-peggio-siamo-stati-bravi-padalino-e-cosenza-vittoria-sofferta-e-di-gruppo-sono-questi-i-successi-piu-importanti\/' send='true' layout='button_count' show_faces='true' width='450' height='65' action='recommend' colorscheme='light' font='lucida grande'><\/fb:like><span class=\"fb_share\"><fb:like href=\"https:\/\/www.leccecronaca.it\/index.php\/2016\/10\/03\/lecce-reggina-i-commenti-nel-post-partita-zeman-jr-pensavo-peggio-siamo-stati-bravi-padalino-e-cosenza-vittoria-sofferta-e-di-gruppo-sono-questi-i-successi-piu-importanti\/\" layout=\"button_count\"><\/fb:like><\/span>","protected":false},"excerpt":{"rendered":"<p>di Laura Ricci___ \u00c8 una vittoria dal sapore particolare quella che ieri il Lecce \u00e8 riuscito a portare a casa contro la Reggina: i ragazzi di Zeman Jr, che per il suo cognome rievoca tempi di gloria ed emozioni irripetibili, hanno dato filo da torcere ai giallorossi che, per\u00f2, sono stati bravi a rimanere concentrati [&hellip;]<\/p>\n","protected":false},"author":4,"featured_media":0,"comment_status":"open","ping_status":"closed","sticky":false,"template":"","format":"standard","meta":[],"categories":[28],"tags":[],"_links":{"self":[{"href":"https:\/\/www.leccecronaca.it\/index.php\/wp-json\/wp\/v2\/posts\/98886"}],"collection":[{"href":"https:\/\/www.leccecronaca.it\/index.php\/wp-json\/wp\/v2\/posts"}],"about":[{"href":"https:\/\/www.leccecronaca.it\/index.php\/wp-json\/wp\/v2\/types\/post"}],"author":[{"embeddable":true,"href":"https:\/\/www.leccecronaca.it\/index.php\/wp-json\/wp\/v2\/users\/4"}],"replies":[{"embeddable":true,"href":"https:\/\/www.leccecronaca.it\/index.php\/wp-json\/wp\/v2\/comments?post=98886"}],"version-history":[{"count":9,"href":"https:\/\/www.leccecronaca.it\/index.php\/wp-json\/wp\/v2\/posts\/98886\/revisions"}],"predecessor-version":[{"id":98916,"href":"https:\/\/www.leccecronaca.it\/index.php\/wp-json\/wp\/v2\/posts\/98886\/revisions\/98916"}],"wp:attachment":[{"href":"https:\/\/www.leccecronaca.it\/index.php\/wp-json\/wp\/v2\/media?parent=98886"}],"wp:term":[{"taxonomy":"category","embeddable":true,"href":"https:\/\/www.leccecronaca.it\/index.php\/wp-json\/wp\/v2\/categories?post=98886"},{"taxonomy":"post_tag","embeddable":true,"href":"https:\/\/www.leccecronaca.it\/index.php\/wp-json\/wp\/v2\/tags?post=98886"}],"curies":[{"name":"wp","href":"https:\/\/api.w.org\/{rel}","templated":true}]}}