{"id":98888,"date":"2016-10-03T08:00:09","date_gmt":"2016-10-03T06:00:09","guid":{"rendered":"http:\/\/www.leccecronaca.it\/?p=98888"},"modified":"2016-10-03T16:05:48","modified_gmt":"2016-10-03T14:05:48","slug":"lamentele-a-copertino-per-la-situazione-dei-parcheggi","status":"publish","type":"post","link":"https:\/\/www.leccecronaca.it\/index.php\/2016\/10\/03\/lamentele-a-copertino-per-la-situazione-dei-parcheggi\/","title":{"rendered":"LAMENTELE A COPERTINO PER I PARCHEGGI"},"content":{"rendered":"<p><img decoding=\"async\" loading=\"lazy\" width=\"300\" height=\"200\" title=\"ospedale-di-Copertino\" class=\"aligncenter size-medium wp-image-98897\" alt=\"\" src=\"https:\/\/www.leccecronaca.it\/wordpress\/wp-content\/uploads\/2016\/10\/ospedale-di-Copertino-300x200.jpg\" \/>Riceviamo e volentieri pubblichiamo. Il coordinatore del &#8216;Movimento Regione Salento&#8217; Cosimo Leo ci scrive______<\/p>\n<p>A Copertino, il sindaco Sandrina Schito, e l&#8217;assessore alla viabilit\u00e0 Laura Alemanno hanno ufficializzato l&#8217;attivazione dei parcometri e cos\u00ec dopo il nuovo asfalto riaffiorano anche le famose strisce blu (parcheggi a pagamento). Ieri un gruppo di commercianti e residenti mi hanno rappresentato una serie di lamentele e proposte da porre all&#8217;attenzione dell amministrazione e non posso esimermi dal non farlo,\u00e8 un dovere per l&#8217;intera comunit\u00e0.<\/p>\n<p>\u00c8 indispensabile che l&#8217;amministrazione riveda il piano, pensi a creare tariffe pi\u00f9 agevolate per i residenti e rispolveri il progetto del parcheggio presso l&#8217;ex colleggio Serafico attualmente chiuso, che svilupperebbe un numero adeguatodi posti auto gratuiti.<\/p>\n<p>Questo nuovo piano parcheggi questo nuovo piano tariffe affoga e pone pi\u00f9 problemi economici a tutti specialmente in questo momento di crisi economica:il pagamento della tassa \u00e8 giusto, ma bisogna portare la percentuale delle strisce bianche al 50 % in rapporto a quelle a pagamento e rendere gratuito il parcheggio presso l&#8217;ospedale san Giuseppe di Copertino&#8230;<\/p>\n<p>Bisogna inoltre disciplinare e controllare il traffico all&#8217;interno del mercato coperto comunale poich\u00e9 molte autovetture sostano in quell&#8217;area non a pagamento e privo di strisce bianche ma a disco orario che per\u00f2 non viene mai controllato ma che sostano non per effettuare acquisti, ma solo per non pagare la tassa su altr vie e andare a prendere il caff\u00e8 o a disbrigare pratiche private, creando cosi problemi di viabilit\u00e0 per gli esercenti(carico e scarico con mezzi pesanti)e un danno economico!!<\/p>\n<p>Bisogna aggiornare le tabelle sulle tariffe inoltre poich\u00e9 indicano il pagamento anche nei giorni festivi quando invece la delibera parla solo di pagamento solo nei lavorativi!! A Lecce per esempio non si paga presso l&#8217;ospedale e applica tariffe agevolate in alcune zone (tipo 15 euro per l&#8217;abbonamento mensile confronto ai 40 euro e 2 \u20ac per tutta la giornata).<\/p>\n<p>Spero che questa amministrazione voglia prendere in considerazione queste problematiche e attuare le eventuali correzioni alla delibera su questo piano parcheggi!!<\/p>\n<p>A margine, intervengono anche i consiglieri comunali Valentino e Greco: &#8220;L\u2019ospedale \u00e8 un luogo di cura, il pi\u00f9 delle volte di sofferenza, non \u00e8 un luogo ludico, non \u00e8 una discoteca, non \u00e8 una struttura di svago e di divertimento, non \u00e8 il centro storico dove fare shopping o un supermercato, bens\u00ec una struttura creata per la cura dei malati e per chi li deve assistere. Ci si reca solo e soltanto per bisogno, per soddisfare inderogabili necessit\u00e0, per queste ragioni, il parcheggio antistante, dovrebbe essere gratuito.<\/p>\n<p>Gli Ospedali sono un servizio fondamentale per una societ\u00e0 civile e le strutture d\u2019appoggio, quali appunto i parcheggi, costituiscono un supporto necessario per coloro che hanno ben altri problemi d\u2019affrontare.<\/p>\n<p>Riteniamo inopportuno caricare di un simile onere l\u2019utenza, che gi\u00e0 si trova a che fare i conti con una sanit\u00e0 pubblica sempre pi\u00f9 costosa, intrisa di innumerevoli problematiche e con liste di attesa bibliche. Una sanit\u00e0 insomma sempre pi\u00f9 lontana dal cittadino-utente. Per tal motivo confidiamo nel buon senso e nella sensibilit\u00e0 degli amici amministratori, tra l&#8217;altro, gi\u00e0 dimostrata in pi\u00f9 di un&#8217;occasione&#8221;.<\/p>\n<p>&nbsp;<\/p>\n<p>&nbsp;<\/p>\n<p>&nbsp;<\/p>\n<fb:like href='https:\/\/www.leccecronaca.it\/index.php\/2016\/10\/03\/lamentele-a-copertino-per-la-situazione-dei-parcheggi\/' send='true' layout='button_count' show_faces='true' width='450' height='65' action='recommend' colorscheme='light' font='lucida grande'><\/fb:like><span class=\"fb_share\"><fb:like href=\"https:\/\/www.leccecronaca.it\/index.php\/2016\/10\/03\/lamentele-a-copertino-per-la-situazione-dei-parcheggi\/\" layout=\"button_count\"><\/fb:like><\/span>","protected":false},"excerpt":{"rendered":"<p>Riceviamo e volentieri pubblichiamo. Il coordinatore del &#8216;Movimento Regione Salento&#8217; Cosimo Leo ci scrive______ A Copertino, il sindaco Sandrina Schito, e l&#8217;assessore alla viabilit\u00e0 Laura Alemanno hanno ufficializzato l&#8217;attivazione dei parcometri e cos\u00ec dopo il nuovo asfalto riaffiorano anche le famose strisce blu (parcheggi a pagamento). Ieri un gruppo di commercianti e residenti mi hanno [&hellip;]<\/p>\n","protected":false},"author":4,"featured_media":98897,"comment_status":"open","ping_status":"closed","sticky":false,"template":"","format":"standard","meta":[],"categories":[36],"tags":[],"_links":{"self":[{"href":"https:\/\/www.leccecronaca.it\/index.php\/wp-json\/wp\/v2\/posts\/98888"}],"collection":[{"href":"https:\/\/www.leccecronaca.it\/index.php\/wp-json\/wp\/v2\/posts"}],"about":[{"href":"https:\/\/www.leccecronaca.it\/index.php\/wp-json\/wp\/v2\/types\/post"}],"author":[{"embeddable":true,"href":"https:\/\/www.leccecronaca.it\/index.php\/wp-json\/wp\/v2\/users\/4"}],"replies":[{"embeddable":true,"href":"https:\/\/www.leccecronaca.it\/index.php\/wp-json\/wp\/v2\/comments?post=98888"}],"version-history":[{"count":3,"href":"https:\/\/www.leccecronaca.it\/index.php\/wp-json\/wp\/v2\/posts\/98888\/revisions"}],"predecessor-version":[{"id":98902,"href":"https:\/\/www.leccecronaca.it\/index.php\/wp-json\/wp\/v2\/posts\/98888\/revisions\/98902"}],"wp:featuredmedia":[{"embeddable":true,"href":"https:\/\/www.leccecronaca.it\/index.php\/wp-json\/wp\/v2\/media\/98897"}],"wp:attachment":[{"href":"https:\/\/www.leccecronaca.it\/index.php\/wp-json\/wp\/v2\/media?parent=98888"}],"wp:term":[{"taxonomy":"category","embeddable":true,"href":"https:\/\/www.leccecronaca.it\/index.php\/wp-json\/wp\/v2\/categories?post=98888"},{"taxonomy":"post_tag","embeddable":true,"href":"https:\/\/www.leccecronaca.it\/index.php\/wp-json\/wp\/v2\/tags?post=98888"}],"curies":[{"name":"wp","href":"https:\/\/api.w.org\/{rel}","templated":true}]}}