{"id":99004,"date":"2016-10-04T19:51:17","date_gmt":"2016-10-04T17:51:17","guid":{"rendered":"http:\/\/www.leccecronaca.it\/?p=99004"},"modified":"2016-10-04T19:51:17","modified_gmt":"2016-10-04T17:51:17","slug":"ma-pensa-te-finira-cosi-anche-per-l-ilva-le-cene-di-gala-tutte-digerite-finisce-in-burletta-lo-scandalo-della-sanita-pugliese-della-giunta-vendola","status":"publish","type":"post","link":"https:\/\/www.leccecronaca.it\/index.php\/2016\/10\/04\/ma-pensa-te-finira-cosi-anche-per-l-ilva-le-cene-di-gala-tutte-digerite-finisce-in-burletta-lo-scandalo-della-sanita-pugliese-della-giunta-vendola\/","title":{"rendered":"MA PENSA TE&#8230;FINIRA&#8217; COSI ANCHE PER L&#8217; ILVA? LE CENE DI GALA TUTTE DIGERITE, FINISCE IN BURLETTA LO SCANDALO DELLA SANITA&#8217; PUGLIESE DELLA GIUNTA VENDOLA"},"content":{"rendered":"<p><img decoding=\"async\" loading=\"lazy\" width=\"550\" height=\"309\" title=\"la-pignata\" class=\"aligncenter size-full wp-image-99005\" alt=\"\" src=\"https:\/\/www.leccecronaca.it\/wordpress\/wp-content\/uploads\/2016\/10\/la-pignata.jpg\" srcset=\"https:\/\/www.leccecronaca.it\/wordpress\/wp-content\/uploads\/2016\/10\/la-pignata.jpg 550w, https:\/\/www.leccecronaca.it\/wordpress\/wp-content\/uploads\/2016\/10\/la-pignata-300x169.jpg 300w\" sizes=\"(max-width: 550px) 100vw, 550px\" \/>(Rdl)_____Nel processo sulla presunta mala gestione della sanit\u00e0 pugliese in cui \u00e8 imputato l&#8217;ex senatore Pd Alberto Tedesco sono oramai\u00a0prescritti\u00a0ventitr\u00e9 dei\u00a0venticinque capi d&#8217;imputazione contestati.<\/p>\n<p>Lo ha detto oggi in udienza il presidente del collegio dei giudici dinanzi al quale si celebra il processo a\u00a0diciotto imputati.<\/p>\n<p>Il Tribunale non ha tuttavia formalmente dichiarato il non luogo a procedere per prescrizione, riservandosi di farlo alla prossima udienza del 10 gennaio 2017.<\/p>\n<p>Gli unici due reati che resterebbero in piedi sono l&#8217;associazione per delinquere e un episodio di concussione risalente al gennaio 2009, contestati a dieci\u00a0imputati.<\/p>\n<p>Tedesco, all&#8217;epoca assessore regionale, \u00e8 accusato di avere fatto parte della presunta &#8216;cupola&#8217; che fra il 2005 e il 2009\u00a0&#8220;<em>che controllava forniture e appalti pilotati verso imprese collegate ai referenti politici e che erano in grado di controllare rilevanti pacchetti di voti elettorali da dirottare verso Tedesco&#8221;.<\/em><\/p>\n<p>In un&#8217; intervista del 2012, cos\u00ec parl\u00f2 Tedesco: <em>&#8220;La diversit\u00e0 pugliese di cui parla Vendola? Qui il confine tra imprenditoria e politica non esiste. Gli imprenditori sono sempre stati in politica e, dunque, aspetto che la politica decida di affrontare il tema del conflitto di interessi\u201d.<\/em><\/p>\n<p>Noi di leccecronaca.it continuiamo a chiedere perch\u00e9 Michele Emiliano continui a fare pure l&#8217; assessore alla Sanit\u00e0.<\/p>\n<p>E nell&#8217; occasione odierna, ricordiamo l&#8217; episodio pi\u00f9 celebre della vicenda finita in prescrizione.<\/p>\n<p>Una memorabile cena di gala \u2018offerta\u2019 da Giampaolo Tarantini, dal versante di affari della sanit\u00e0, quella che sarebbe stata da l\u00ec a poco presto travolta da un disastroso scandalo, coinvolti in primis gli esponenti del Pd nella giunta Vendola Frisullo e Tedesco, coi quali per\u00f2 egli era in rapporti conflittuali.<\/p>\n<p>E\u2019 il 28 marzo 2008. Siamo a Bari, ristorante \u2018La Pignata\u2019,\u00a0il pi\u00f9 raffinato ed esclusivo della citt\u00e0.\u00a0Ai tavoli, una\u00a0settantina di persone,\u00a0conto sui tremila euro, pagato dai sui collaboratori,\u00a0per l\u2019 organizzazione di\u00a0Giampaolo Tarantini, con la collaborazione di Roberto De Santis (e dagli, sono sempre loro): ci sono tutti i manager e gli imprenditori che contano della sanit\u00e0 pugliese. Con la partecipazione straordinaria di Massimo D\u2019 Alema, all\u2019 epoca ministro degli esteri. E \u2013 aggiungi un posto a tavola, che c\u2019\u00e8 un amico in pi\u00f9 \u2013 di Michele Emiliano, che \u201c<em>arriv\u00f2 puntualissimo, e and\u00f2 via per ultimo<\/em>\u201c.<\/p>\n<p>&nbsp;<\/p>\n<fb:like href='https:\/\/www.leccecronaca.it\/index.php\/2016\/10\/04\/ma-pensa-te-finira-cosi-anche-per-l-ilva-le-cene-di-gala-tutte-digerite-finisce-in-burletta-lo-scandalo-della-sanita-pugliese-della-giunta-vendola\/' send='true' layout='button_count' show_faces='true' width='450' height='65' action='recommend' colorscheme='light' font='lucida grande'><\/fb:like><span class=\"fb_share\"><fb:like href=\"https:\/\/www.leccecronaca.it\/index.php\/2016\/10\/04\/ma-pensa-te-finira-cosi-anche-per-l-ilva-le-cene-di-gala-tutte-digerite-finisce-in-burletta-lo-scandalo-della-sanita-pugliese-della-giunta-vendola\/\" layout=\"button_count\"><\/fb:like><\/span>","protected":false},"excerpt":{"rendered":"<p>(Rdl)_____Nel processo sulla presunta mala gestione della sanit\u00e0 pugliese in cui \u00e8 imputato l&#8217;ex senatore Pd Alberto Tedesco sono oramai\u00a0prescritti\u00a0ventitr\u00e9 dei\u00a0venticinque capi d&#8217;imputazione contestati. Lo ha detto oggi in udienza il presidente del collegio dei giudici dinanzi al quale si celebra il processo a\u00a0diciotto imputati. Il Tribunale non ha tuttavia formalmente dichiarato il non luogo [&hellip;]<\/p>\n","protected":false},"author":4,"featured_media":99005,"comment_status":"open","ping_status":"closed","sticky":false,"template":"","format":"standard","meta":[],"categories":[69,76],"tags":[],"_links":{"self":[{"href":"https:\/\/www.leccecronaca.it\/index.php\/wp-json\/wp\/v2\/posts\/99004"}],"collection":[{"href":"https:\/\/www.leccecronaca.it\/index.php\/wp-json\/wp\/v2\/posts"}],"about":[{"href":"https:\/\/www.leccecronaca.it\/index.php\/wp-json\/wp\/v2\/types\/post"}],"author":[{"embeddable":true,"href":"https:\/\/www.leccecronaca.it\/index.php\/wp-json\/wp\/v2\/users\/4"}],"replies":[{"embeddable":true,"href":"https:\/\/www.leccecronaca.it\/index.php\/wp-json\/wp\/v2\/comments?post=99004"}],"version-history":[{"count":2,"href":"https:\/\/www.leccecronaca.it\/index.php\/wp-json\/wp\/v2\/posts\/99004\/revisions"}],"predecessor-version":[{"id":99007,"href":"https:\/\/www.leccecronaca.it\/index.php\/wp-json\/wp\/v2\/posts\/99004\/revisions\/99007"}],"wp:featuredmedia":[{"embeddable":true,"href":"https:\/\/www.leccecronaca.it\/index.php\/wp-json\/wp\/v2\/media\/99005"}],"wp:attachment":[{"href":"https:\/\/www.leccecronaca.it\/index.php\/wp-json\/wp\/v2\/media?parent=99004"}],"wp:term":[{"taxonomy":"category","embeddable":true,"href":"https:\/\/www.leccecronaca.it\/index.php\/wp-json\/wp\/v2\/categories?post=99004"},{"taxonomy":"post_tag","embeddable":true,"href":"https:\/\/www.leccecronaca.it\/index.php\/wp-json\/wp\/v2\/tags?post=99004"}],"curies":[{"name":"wp","href":"https:\/\/api.w.org\/{rel}","templated":true}]}}